{"id":22904,"date":"2026-02-07T04:46:36","date_gmt":"2026-02-07T04:46:36","guid":{"rendered":"https:\/\/lingener-baumaschinen.de\/tendido-de-cable-de-fibra-optica-con-arado-instalacion-eficaz-y-cuidadosa\/"},"modified":"2023-08-14T11:31:51","modified_gmt":"2023-08-14T11:31:51","slug":"tendido-de-cable-de-fibra-optica-con-arado-instalacion-eficaz-y-cuidadosa","status":"publish","type":"post","link":"https:\/\/lingener-baumaschinen.de\/es\/tendido-de-cable-de-fibra-optica-con-arado-instalacion-eficaz-y-cuidadosa\/","title":{"rendered":"Tendido de cable de fibra \u00f3ptica con arado &#8211; Instalaci\u00f3n eficaz y cuidadosa"},"content":{"rendered":"\t\t<div data-elementor-type=\"wp-post\" data-elementor-id=\"22904\" class=\"elementor elementor-22904 elementor-16325\" data-elementor-post-type=\"post\">\n\t\t\t\t\t\t<section class=\"elementor-section elementor-top-section elementor-element elementor-element-590bdfa elementor-section-boxed elementor-section-height-default elementor-section-height-default\" data-id=\"590bdfa\" data-element_type=\"section\" data-e-type=\"section\">\n\t\t\t\t\t\t<div class=\"elementor-container elementor-column-gap-default\">\n\t\t\t\t\t<div class=\"elementor-column elementor-col-100 elementor-top-column elementor-element elementor-element-8deeff2\" data-id=\"8deeff2\" data-element_type=\"column\" data-e-type=\"column\">\n\t\t\t<div class=\"elementor-widget-wrap elementor-element-populated\">\n\t\t\t\t\t\t<div class=\"elementor-element elementor-element-ded4f94 elementor-widget elementor-widget-text-editor\" data-id=\"ded4f94\" data-element_type=\"widget\" data-e-type=\"widget\" data-widget_type=\"text-editor.default\">\n\t\t\t\t<div class=\"elementor-widget-container\">\n\t\t\t\t\t\t\t\t\t<p>El tendido de cables de fibra \u00f3ptica con arado es un m\u00e9todo innovador de tendido de cables de fibra \u00f3ptica que se est\u00e1 imponiendo cada vez m\u00e1s en la industria de las telecomunicaciones. En este art\u00edculo aprender\u00e1 m\u00e1s sobre las ventajas del m\u00e9todo de arado para la instalaci\u00f3n de fibra \u00f3ptica y por qu\u00e9 ha demostrado ser un m\u00e9todo eficaz y suave.<\/p>\n<h3><strong>Tendido de cable de fibra \u00f3ptica con arado<\/strong><\/h3>\n<p>El m\u00e9todo de arado es un m\u00e9todo sin zanjas para el tendido de cables de fibra \u00f3ptica. Para ello se utiliza un arado especialmente dise\u00f1ado que introduce el cable en el suelo al tiempo que lo abre y lo vuelve a cerrar. Este m\u00e9todo permite una instalaci\u00f3n r\u00e1pida y eficaz de las redes de fibra \u00f3ptica sin tener que excavar grandes superficies. El arado garantiza que los cables se tiendan con precisi\u00f3n y suavidad, minimizando los da\u00f1os a las l\u00edneas y entornos existentes.<\/p>\n<h3><strong>Ventajas del m\u00e9todo de arado en la instalaci\u00f3n de fibra \u00f3ptica<\/strong><\/h3>\n<p>  Instalaci\u00f3n eficaz: El proceso permite una instalaci\u00f3n r\u00e1pida y eficaz de los cables de fibra \u00f3ptica. La instalaci\u00f3n sin zanja permite cubrir grandes distancias en menos tiempo, lo que acelera el proceso de instalaci\u00f3n y reduce los costes del proyecto.<\/p>\n<h3><strong>Colocaci\u00f3n suave:  <\/strong><\/h3>\n<p>A diferencia de la zanja tradicional, el m\u00e9todo minimiza las molestias en los alrededores. Se abre el suelo, se tiende el cable y se vuelve a cerrar. Esto deja las estructuras superficiales, como carreteras, aceras o paisajes, pr\u00e1cticamente intactas.<\/p>\n<h3><strong>Menos interferencias:  <\/strong><\/h3>\n<p>Como el proceso de arado tiene un impacto m\u00ednimo en los alrededores, las molestias e interrupciones del tr\u00e1fico y de las zonas residenciales o comerciales se reducen al m\u00ednimo. Esto resulta especialmente ventajoso en zonas densamente pobladas o en entornos urbanos.<\/p>\n<h3><strong>Ahorro de costes:<\/strong><\/h3>\n<p>El m\u00e9todo de arado permite un uso eficaz de la mano de obra y reduce la necesidad de costosos equipos y materiales para desenterrar y restaurar las superficies. Esto supone un importante ahorro de costes durante el proceso de instalaci\u00f3n.<\/p>\n<p> <strong> Conclusi\u00f3n:<\/strong> El m\u00e9todo de arado ha demostrado ser un m\u00e9todo extremadamente eficaz y suave en la colocaci\u00f3n de fibra de vidrio. Permite una instalaci\u00f3n r\u00e1pida, minimiza las interrupciones y reduce los costes del proyecto. El proceso permite a las empresas de telecomunicaciones ampliar eficazmente las redes de fibra y mejorar la conectividad de banda ancha.<\/p>\n<p>Para conocer mejor el rendimiento y las posibilidades de la velocidad de trabajo de la zanjadora, le recomendamos que vea nuestros v\u00eddeos en <a href=\"https:\/\/lingener-baumaschinen.de\/es\/videos\/\">https:\/\/lingener-baumaschinen.de\/videos\/.<\/a>  All\u00ed encontrar\u00e1 contenidos informativos y demostraciones pr\u00e1cticas que le mostrar\u00e1n c\u00f3mo esta m\u00e1quina puede revolucionar su proyecto de construcci\u00f3n. Adem\u00e1s, le invitamos a visitar nuestro canal de v\u00eddeo en <a href=\"https:\/\/www.youtube.com\/playlist?list=PLRtVxVxjsP01n9QctFhyEOuCHYA0DQqIC\" target=\"_blank\" rel=\"noopener\">YouTube. <\/a> All\u00ed encontrar\u00e1 m\u00e1s v\u00eddeos que le proporcionar\u00e1n informaci\u00f3n detallada sobre las funciones y el uso de la zanjadora de velocidad de trabajo.<\/p>\n\t\t\t\t\t\t\t\t<\/div>\n\t\t\t\t<\/div>\n\t\t\t\t\t<\/div>\n\t\t<\/div>\n\t\t\t\t\t<\/div>\n\t\t<\/section>\n\t\t\t\t<section class=\"elementor-section elementor-top-section elementor-element elementor-element-43e41e1 elementor-section-boxed elementor-section-height-default elementor-section-height-default\" data-id=\"43e41e1\" data-element_type=\"section\" data-e-type=\"section\">\n\t\t\t\t\t\t<div class=\"elementor-container elementor-column-gap-default\">\n\t\t\t\t\t<div class=\"elementor-column elementor-col-100 elementor-top-column elementor-element elementor-element-7d65ddf\" data-id=\"7d65ddf\" data-element_type=\"column\" data-e-type=\"column\">\n\t\t\t<div class=\"elementor-widget-wrap\">\n\t\t\t\t\t\t\t<\/div>\n\t\t<\/div>\n\t\t\t\t\t<\/div>\n\t\t<\/section>\n\t\t\t\t<section class=\"elementor-section elementor-top-section elementor-element elementor-element-bf109ea elementor-section-boxed elementor-section-height-default elementor-section-height-default\" data-id=\"bf109ea\" data-element_type=\"section\" data-e-type=\"section\">\n\t\t\t\t\t\t<div class=\"elementor-container elementor-column-gap-default\">\n\t\t\t\t\t<div class=\"elementor-column elementor-col-100 elementor-top-column elementor-element elementor-element-24efd45\" data-id=\"24efd45\" data-element_type=\"column\" data-e-type=\"column\">\n\t\t\t<div class=\"elementor-widget-wrap elementor-element-populated\">\n\t\t\t\t\t\t<div class=\"elementor-element elementor-element-ea8eb56 elementor-widget elementor-widget-image\" data-id=\"ea8eb56\" data-element_type=\"widget\" data-e-type=\"widget\" data-widget_type=\"image.default\">\n\t\t\t\t<div class=\"elementor-widget-container\">\n\t\t\t\t\t\t\t\t\t\t\t\t<figure class=\"wp-caption\">\n\t\t\t\t\t\t\t\t\t\t<img fetchpriority=\"high\" decoding=\"async\" width=\"783\" height=\"197\" src=\"https:\/\/lingener-baumaschinen.de\/wp-content\/uploads\/2023\/07\/newsletter-1.png\" class=\"attachment-large size-large wp-image-22231\" alt=\"Suscr\u00edbase al bolet\u00edn aqu\u00ed\" srcset=\"https:\/\/lingener-baumaschinen.de\/wp-content\/uploads\/2023\/07\/newsletter-1.png 783w, https:\/\/lingener-baumaschinen.de\/wp-content\/uploads\/2023\/07\/newsletter-1-300x75.png 300w, https:\/\/lingener-baumaschinen.de\/wp-content\/uploads\/2023\/07\/newsletter-1-768x193.png 768w, https:\/\/lingener-baumaschinen.de\/wp-content\/uploads\/2023\/07\/newsletter-1-600x151.png 600w\" sizes=\"(max-width: 783px) 100vw, 783px\" \/>\t\t\t\t\t\t\t\t\t\t\t<figcaption class=\"widget-image-caption wp-caption-text\">Tendido de cable de fibra \u00f3ptica con arado<\/figcaption>\n\t\t\t\t\t\t\t\t\t\t<\/figure>\n\t\t\t\t\t\t\t\t\t<\/div>\n\t\t\t\t<\/div>\n\t\t\t\t\t<\/div>\n\t\t<\/div>\n\t\t\t\t\t<\/div>\n\t\t<\/section>\n\t\t\t\t<section class=\"elementor-section elementor-top-section elementor-element elementor-element-44f71bd elementor-section-boxed elementor-section-height-default elementor-section-height-default\" data-id=\"44f71bd\" data-element_type=\"section\" data-e-type=\"section\">\n\t\t\t\t\t\t<div class=\"elementor-container elementor-column-gap-default\">\n\t\t\t\t\t<div class=\"elementor-column elementor-col-100 elementor-top-column elementor-element elementor-element-b8b6d2b\" data-id=\"b8b6d2b\" data-element_type=\"column\" data-e-type=\"column\">\n\t\t\t<div class=\"elementor-widget-wrap elementor-element-populated\">\n\t\t\t\t\t\t<div class=\"elementor-element elementor-element-1e70129 elementor-button-align-stretch elementor-widget elementor-widget-form\" data-id=\"1e70129\" data-element_type=\"widget\" data-e-type=\"widget\" data-settings=\"{&quot;step_next_label&quot;:&quot;Siguiente&quot;,&quot;step_previous_label&quot;:&quot;Anterior&quot;,&quot;button_width&quot;:&quot;100&quot;,&quot;step_type&quot;:&quot;number_text&quot;,&quot;step_icon_shape&quot;:&quot;circle&quot;}\" data-widget_type=\"form.default\">\n\t\t\t\t<div class=\"elementor-widget-container\">\n\t\t\t\t\t\t\t<form class=\"elementor-form\" method=\"post\" name=\"Nuevo formulario\" aria-label=\"Nuevo formulario\">\n\t\t\t<input type=\"hidden\" name=\"post_id\" value=\"22904\"\/>\n\t\t\t<input type=\"hidden\" name=\"form_id\" value=\"1e70129\"\/>\n\t\t\t<input type=\"hidden\" name=\"referer_title\" value=\"Lingener Baumaschinen\" \/>\n\n\t\t\t\n\t\t\t<div class=\"elementor-form-fields-wrapper elementor-labels-\">\n\t\t\t\t\t\t\t\t<div class=\"elementor-field-type-email elementor-field-group elementor-column elementor-field-group-field_4c56665 elementor-col-100 elementor-field-required\">\n\t\t\t\t\t\t\t\t\t\t\t\t\t<input size=\"1\" type=\"email\" name=\"form_fields[field_4c56665]\" id=\"form-field-field_4c56665\" class=\"elementor-field elementor-size-sm  elementor-field-textual\" placeholder=\"Su direcci\u00f3n de correo electr\u00f3nico\" required=\"required\">\n\t\t\t\t\t\t\t\t\t\t\t<\/div>\n\t\t\t\t\t\t\t\t<div class=\"elementor-field-type-acceptance elementor-field-group elementor-column elementor-field-group-field_4a66815 elementor-col-100 elementor-field-required\">\n\t\t\t\t\t\t\t<div class=\"elementor-field-subgroup\">\n\t\t\t<span class=\"elementor-field-option\">\n\t\t\t\t<input type=\"checkbox\" name=\"form_fields[field_4a66815]\" id=\"form-field-field_4a66815\" class=\"elementor-field elementor-size-sm  elementor-acceptance-field\" required=\"required\">\n\t\t\t\t<label for=\"form-field-field_4a66815\">Al hacer clic en el bot\u00f3n \"Enviar\", acepta que Lingener Baumaschinen GmbH &amp; CO. KG, Diekstrasse 59, 49809 Lingen, Alemania, le env\u00ede peri\u00f3dicamente informaci\u00f3n sobre Zanjadoras por correo electr\u00f3nico. Puede darse de baja de este bolet\u00edn en cualquier momento.<\/label>\t\t\t<\/span>\n\t\t<\/div>\n\t\t\t\t\t\t<\/div>\n\t\t\t\t\t\t\t\t<div class=\"elementor-field-group elementor-column elementor-field-type-submit elementor-col-100 e-form__buttons\">\n\t\t\t\t\t<button class=\"elementor-button elementor-size-sm\" type=\"submit\">\n\t\t\t\t\t\t<span class=\"elementor-button-content-wrapper\">\n\t\t\t\t\t\t\t\t\t\t\t\t\t\t\t\t\t\t\t\t\t\t<span class=\"elementor-button-text\">Env\u00ede<\/span>\n\t\t\t\t\t\t\t\t\t\t\t\t\t<\/span>\n\t\t\t\t\t<\/button>\n\t\t\t\t<\/div>\n\t\t\t<\/div>\n\t\t<\/form>\n\t\t\t\t\t\t<\/div>\n\t\t\t\t<\/div>\n\t\t\t\t\t<\/div>\n\t\t<\/div>\n\t\t\t\t\t<\/div>\n\t\t<\/section>\n\t\t\t\t<\/div>\n\t\t","protected":false},"excerpt":{"rendered":"<p>El tendido de cables de fibra \u00f3ptica con arado es un m\u00e9todo innovador de tendido de cables de fibra \u00f3ptica que se est\u00e1 imponiendo cada vez m\u00e1s en la industria de las telecomunicaciones. En este art\u00edculo aprender\u00e1 m\u00e1s sobre las ventajas del m\u00e9todo de arado para la instalaci\u00f3n de fibra \u00f3ptica y por qu\u00e9 ha &#8230; <a title=\"Tendido de cable de fibra \u00f3ptica con arado &#8211; Instalaci\u00f3n eficaz y cuidadosa\" class=\"read-more\" href=\"https:\/\/lingener-baumaschinen.de\/es\/tendido-de-cable-de-fibra-optica-con-arado-instalacion-eficaz-y-cuidadosa\/\" aria-label=\"Leer m\u00e1s sobre Tendido de cable de fibra \u00f3ptica con arado &#8211; Instalaci\u00f3n eficaz y cuidadosa\">Weiterlesen &#8230;<\/a><\/p>\n","protected":false},"author":1,"featured_media":22912,"comment_status":"closed","ping_status":"closed","sticky":false,"template":"","format":"standard","meta":{"ngg_post_thumbnail":0,"footnotes":""},"categories":[931],"tags":[],"class_list":["post-22904","post","type-post","status-publish","format-standard","has-post-thumbnail","hentry","category-noticias-es"],"yoast_head":"<!-- This site is optimized with the Yoast SEO Premium plugin v27.5 (Yoast SEO v27.5) - https:\/\/yoast.com\/product\/yoast-seo-premium-wordpress\/ -->\n<title>Tendido de cable de fibra \u00f3ptica con arado - Instalaci\u00f3n eficaz<\/title>\n<meta name=\"description\" content=\"Tendido de cable de fibra \u00f3ptica con arado - Una instalaci\u00f3n suave y eficaz para el tendido de cable de fibra \u00f3ptica con arado.\" \/>\n<meta name=\"robots\" content=\"index, follow, max-snippet:-1, max-image-preview:large, max-video-preview:-1\" \/>\n<link rel=\"canonical\" href=\"https:\/\/lingener-baumaschinen.de\/es\/tendido-de-cable-de-fibra-optica-con-arado-instalacion-eficaz-y-cuidadosa\/\" \/>\n<meta property=\"og:locale\" content=\"es_ES\" \/>\n<meta property=\"og:type\" content=\"article\" \/>\n<meta property=\"og:title\" content=\"Tendido de cable de fibra \u00f3ptica con arado - Instalaci\u00f3n eficaz y cuidadosa\" \/>\n<meta property=\"og:description\" content=\"Tendido de cable de fibra \u00f3ptica con arado - Una instalaci\u00f3n suave y eficaz para el tendido de cable de fibra \u00f3ptica con arado.\" \/>\n<meta property=\"og:url\" content=\"https:\/\/lingener-baumaschinen.de\/es\/tendido-de-cable-de-fibra-optica-con-arado-instalacion-eficaz-y-cuidadosa\/\" \/>\n<meta property=\"og:site_name\" content=\"Lingener Baumaschinen\" \/>\n<meta property=\"article:published_time\" content=\"2026-02-07T04:46:36+00:00\" \/>\n<meta property=\"og:image\" content=\"https:\/\/lingener-baumaschinen.de\/wp-content\/uploads\/2023\/04\/gartenmeister-130-pflug-7-1.jpg\" \/>\n\t<meta property=\"og:image:width\" content=\"1000\" \/>\n\t<meta property=\"og:image:height\" content=\"750\" \/>\n\t<meta property=\"og:image:type\" content=\"image\/jpeg\" \/>\n<meta name=\"author\" content=\"admin\" \/>\n<meta name=\"twitter:card\" content=\"summary_large_image\" \/>\n<script type=\"application\/ld+json\" class=\"yoast-schema-graph\">{\"@context\":\"https:\\\/\\\/schema.org\",\"@graph\":[{\"@type\":\"Article\",\"@id\":\"https:\\\/\\\/lingener-baumaschinen.de\\\/es\\\/tendido-de-cable-de-fibra-optica-con-arado-instalacion-eficaz-y-cuidadosa\\\/#article\",\"isPartOf\":{\"@id\":\"https:\\\/\\\/lingener-baumaschinen.de\\\/es\\\/tendido-de-cable-de-fibra-optica-con-arado-instalacion-eficaz-y-cuidadosa\\\/\"},\"author\":{\"name\":\"admin\",\"@id\":\"https:\\\/\\\/lingener-baumaschinen.de\\\/#\\\/schema\\\/person\\\/a0ef170b2d1d838196081249c7311c8f\"},\"headline\":\"Tendido de cable de fibra \u00f3ptica con arado &#8211; Instalaci\u00f3n eficaz y cuidadosa\",\"datePublished\":\"2026-02-07T04:46:36+00:00\",\"mainEntityOfPage\":{\"@id\":\"https:\\\/\\\/lingener-baumaschinen.de\\\/es\\\/tendido-de-cable-de-fibra-optica-con-arado-instalacion-eficaz-y-cuidadosa\\\/\"},\"wordCount\":536,\"publisher\":{\"@id\":\"https:\\\/\\\/lingener-baumaschinen.de\\\/#organization\"},\"image\":{\"@id\":\"https:\\\/\\\/lingener-baumaschinen.de\\\/es\\\/tendido-de-cable-de-fibra-optica-con-arado-instalacion-eficaz-y-cuidadosa\\\/#primaryimage\"},\"thumbnailUrl\":\"https:\\\/\\\/lingener-baumaschinen.de\\\/wp-content\\\/uploads\\\/2023\\\/04\\\/gartenmeister-130-pflug-7-1.jpg\",\"articleSection\":[\"Noticias\"],\"inLanguage\":\"es\"},{\"@type\":\"WebPage\",\"@id\":\"https:\\\/\\\/lingener-baumaschinen.de\\\/es\\\/tendido-de-cable-de-fibra-optica-con-arado-instalacion-eficaz-y-cuidadosa\\\/\",\"url\":\"https:\\\/\\\/lingener-baumaschinen.de\\\/es\\\/tendido-de-cable-de-fibra-optica-con-arado-instalacion-eficaz-y-cuidadosa\\\/\",\"name\":\"Tendido de cable de fibra \u00f3ptica con arado - Instalaci\u00f3n eficaz\",\"isPartOf\":{\"@id\":\"https:\\\/\\\/lingener-baumaschinen.de\\\/#website\"},\"primaryImageOfPage\":{\"@id\":\"https:\\\/\\\/lingener-baumaschinen.de\\\/es\\\/tendido-de-cable-de-fibra-optica-con-arado-instalacion-eficaz-y-cuidadosa\\\/#primaryimage\"},\"image\":{\"@id\":\"https:\\\/\\\/lingener-baumaschinen.de\\\/es\\\/tendido-de-cable-de-fibra-optica-con-arado-instalacion-eficaz-y-cuidadosa\\\/#primaryimage\"},\"thumbnailUrl\":\"https:\\\/\\\/lingener-baumaschinen.de\\\/wp-content\\\/uploads\\\/2023\\\/04\\\/gartenmeister-130-pflug-7-1.jpg\",\"datePublished\":\"2026-02-07T04:46:36+00:00\",\"description\":\"Tendido de cable de fibra \u00f3ptica con arado - Una instalaci\u00f3n suave y eficaz para el tendido de cable de fibra \u00f3ptica con arado.\",\"breadcrumb\":{\"@id\":\"https:\\\/\\\/lingener-baumaschinen.de\\\/es\\\/tendido-de-cable-de-fibra-optica-con-arado-instalacion-eficaz-y-cuidadosa\\\/#breadcrumb\"},\"inLanguage\":\"es\",\"potentialAction\":[{\"@type\":\"ReadAction\",\"target\":[\"https:\\\/\\\/lingener-baumaschinen.de\\\/es\\\/tendido-de-cable-de-fibra-optica-con-arado-instalacion-eficaz-y-cuidadosa\\\/\"]}]},{\"@type\":\"ImageObject\",\"inLanguage\":\"es\",\"@id\":\"https:\\\/\\\/lingener-baumaschinen.de\\\/es\\\/tendido-de-cable-de-fibra-optica-con-arado-instalacion-eficaz-y-cuidadosa\\\/#primaryimage\",\"url\":\"https:\\\/\\\/lingener-baumaschinen.de\\\/wp-content\\\/uploads\\\/2023\\\/04\\\/gartenmeister-130-pflug-7-1.jpg\",\"contentUrl\":\"https:\\\/\\\/lingener-baumaschinen.de\\\/wp-content\\\/uploads\\\/2023\\\/04\\\/gartenmeister-130-pflug-7-1.jpg\",\"width\":1000,\"height\":750},{\"@type\":\"BreadcrumbList\",\"@id\":\"https:\\\/\\\/lingener-baumaschinen.de\\\/es\\\/tendido-de-cable-de-fibra-optica-con-arado-instalacion-eficaz-y-cuidadosa\\\/#breadcrumb\",\"itemListElement\":[{\"@type\":\"ListItem\",\"position\":1,\"name\":\"Startseite\",\"item\":\"https:\\\/\\\/lingener-baumaschinen.de\\\/es\\\/\"},{\"@type\":\"ListItem\",\"position\":2,\"name\":\"Tendido de cable de fibra \u00f3ptica con arado &#8211; Instalaci\u00f3n eficaz y cuidadosa\"}]},{\"@type\":\"WebSite\",\"@id\":\"https:\\\/\\\/lingener-baumaschinen.de\\\/#website\",\"url\":\"https:\\\/\\\/lingener-baumaschinen.de\\\/\",\"name\":\"Lingener Baumaschinen\",\"description\":\"Schneller und effizienter mit Grabenfr\u00e4sen arbeiten\",\"publisher\":{\"@id\":\"https:\\\/\\\/lingener-baumaschinen.de\\\/#organization\"},\"alternateName\":\"LIBA Grabenfr\u00e4sen\",\"potentialAction\":[{\"@type\":\"SearchAction\",\"target\":{\"@type\":\"EntryPoint\",\"urlTemplate\":\"https:\\\/\\\/lingener-baumaschinen.de\\\/?s={search_term_string}\"},\"query-input\":{\"@type\":\"PropertyValueSpecification\",\"valueRequired\":true,\"valueName\":\"search_term_string\"}}],\"inLanguage\":\"es\"},{\"@type\":\"Organization\",\"@id\":\"https:\\\/\\\/lingener-baumaschinen.de\\\/#organization\",\"name\":\"Lingener Baumaschinen\",\"alternateName\":\"Hersteller von Grabenfr\u00e4sen\",\"url\":\"https:\\\/\\\/lingener-baumaschinen.de\\\/\",\"logo\":{\"@type\":\"ImageObject\",\"inLanguage\":\"es\",\"@id\":\"https:\\\/\\\/lingener-baumaschinen.de\\\/#\\\/schema\\\/logo\\\/image\\\/\",\"url\":\"https:\\\/\\\/lingener-baumaschinen.de\\\/wp-content\\\/uploads\\\/2024\\\/03\\\/cropped-logo.webp\",\"contentUrl\":\"https:\\\/\\\/lingener-baumaschinen.de\\\/wp-content\\\/uploads\\\/2024\\\/03\\\/cropped-logo.webp\",\"width\":227,\"height\":69,\"caption\":\"Lingener Baumaschinen\"},\"image\":{\"@id\":\"https:\\\/\\\/lingener-baumaschinen.de\\\/#\\\/schema\\\/logo\\\/image\\\/\"},\"description\":\"Lingener Baumaschinen ist ein Unternehmen mit Sitz in Lingen (Ems), Deutschland sowie H\u00e4ndlern in praktisch allen Teilen der Welt, das auf die Herstellung, den Verkauf, die Vermietung und den Service von Grabenfr\u00e4sen spezialisiert ist. Das Unternehmen wurde 1969 gegr\u00fcndet und hat seitdem eine breite Palette von Produkten und Dienstleistungen entwickelt, die auf die Bed\u00fcrfnisse von Kunden in verschiedenen Branchen zugeschnitten sind.\",\"email\":\"info@lingener-baumaschinen.de\",\"telephone\":\"+49 (0) 591 76 314\",\"legalName\":\"Lingener Baumaschinen GmbH & Co. KG\",\"foundingDate\":\"1969-01-01\",\"vatID\":\"DE 154279934\"},{\"@type\":\"Person\",\"@id\":\"https:\\\/\\\/lingener-baumaschinen.de\\\/#\\\/schema\\\/person\\\/a0ef170b2d1d838196081249c7311c8f\",\"name\":\"admin\",\"sameAs\":[\"https:\\\/\\\/lingener-baumaschinen.de\"],\"url\":\"https:\\\/\\\/lingener-baumaschinen.de\\\/es\\\/author\\\/info_hiinyb05\\\/\"}]}<\/script>\n<!-- \/ Yoast SEO Premium plugin. -->","yoast_head_json":{"title":"Tendido de cable de fibra \u00f3ptica con arado - Instalaci\u00f3n eficaz","description":"Tendido de cable de fibra \u00f3ptica con arado - Una instalaci\u00f3n suave y eficaz para el tendido de cable de fibra \u00f3ptica con arado.","robots":{"index":"index","follow":"follow","max-snippet":"max-snippet:-1","max-image-preview":"max-image-preview:large","max-video-preview":"max-video-preview:-1"},"canonical":"https:\/\/lingener-baumaschinen.de\/es\/tendido-de-cable-de-fibra-optica-con-arado-instalacion-eficaz-y-cuidadosa\/","og_locale":"es_ES","og_type":"article","og_title":"Tendido de cable de fibra \u00f3ptica con arado - Instalaci\u00f3n eficaz y cuidadosa","og_description":"Tendido de cable de fibra \u00f3ptica con arado - Una instalaci\u00f3n suave y eficaz para el tendido de cable de fibra \u00f3ptica con arado.","og_url":"https:\/\/lingener-baumaschinen.de\/es\/tendido-de-cable-de-fibra-optica-con-arado-instalacion-eficaz-y-cuidadosa\/","og_site_name":"Lingener Baumaschinen","article_published_time":"2026-02-07T04:46:36+00:00","og_image":[{"width":1000,"height":750,"url":"https:\/\/lingener-baumaschinen.de\/wp-content\/uploads\/2023\/04\/gartenmeister-130-pflug-7-1.jpg","type":"image\/jpeg"}],"author":"admin","twitter_card":"summary_large_image","schema":{"@context":"https:\/\/schema.org","@graph":[{"@type":"Article","@id":"https:\/\/lingener-baumaschinen.de\/es\/tendido-de-cable-de-fibra-optica-con-arado-instalacion-eficaz-y-cuidadosa\/#article","isPartOf":{"@id":"https:\/\/lingener-baumaschinen.de\/es\/tendido-de-cable-de-fibra-optica-con-arado-instalacion-eficaz-y-cuidadosa\/"},"author":{"name":"admin","@id":"https:\/\/lingener-baumaschinen.de\/#\/schema\/person\/a0ef170b2d1d838196081249c7311c8f"},"headline":"Tendido de cable de fibra \u00f3ptica con arado &#8211; Instalaci\u00f3n eficaz y cuidadosa","datePublished":"2026-02-07T04:46:36+00:00","mainEntityOfPage":{"@id":"https:\/\/lingener-baumaschinen.de\/es\/tendido-de-cable-de-fibra-optica-con-arado-instalacion-eficaz-y-cuidadosa\/"},"wordCount":536,"publisher":{"@id":"https:\/\/lingener-baumaschinen.de\/#organization"},"image":{"@id":"https:\/\/lingener-baumaschinen.de\/es\/tendido-de-cable-de-fibra-optica-con-arado-instalacion-eficaz-y-cuidadosa\/#primaryimage"},"thumbnailUrl":"https:\/\/lingener-baumaschinen.de\/wp-content\/uploads\/2023\/04\/gartenmeister-130-pflug-7-1.jpg","articleSection":["Noticias"],"inLanguage":"es"},{"@type":"WebPage","@id":"https:\/\/lingener-baumaschinen.de\/es\/tendido-de-cable-de-fibra-optica-con-arado-instalacion-eficaz-y-cuidadosa\/","url":"https:\/\/lingener-baumaschinen.de\/es\/tendido-de-cable-de-fibra-optica-con-arado-instalacion-eficaz-y-cuidadosa\/","name":"Tendido de cable de fibra \u00f3ptica con arado - Instalaci\u00f3n eficaz","isPartOf":{"@id":"https:\/\/lingener-baumaschinen.de\/#website"},"primaryImageOfPage":{"@id":"https:\/\/lingener-baumaschinen.de\/es\/tendido-de-cable-de-fibra-optica-con-arado-instalacion-eficaz-y-cuidadosa\/#primaryimage"},"image":{"@id":"https:\/\/lingener-baumaschinen.de\/es\/tendido-de-cable-de-fibra-optica-con-arado-instalacion-eficaz-y-cuidadosa\/#primaryimage"},"thumbnailUrl":"https:\/\/lingener-baumaschinen.de\/wp-content\/uploads\/2023\/04\/gartenmeister-130-pflug-7-1.jpg","datePublished":"2026-02-07T04:46:36+00:00","description":"Tendido de cable de fibra \u00f3ptica con arado - Una instalaci\u00f3n suave y eficaz para el tendido de cable de fibra \u00f3ptica con arado.","breadcrumb":{"@id":"https:\/\/lingener-baumaschinen.de\/es\/tendido-de-cable-de-fibra-optica-con-arado-instalacion-eficaz-y-cuidadosa\/#breadcrumb"},"inLanguage":"es","potentialAction":[{"@type":"ReadAction","target":["https:\/\/lingener-baumaschinen.de\/es\/tendido-de-cable-de-fibra-optica-con-arado-instalacion-eficaz-y-cuidadosa\/"]}]},{"@type":"ImageObject","inLanguage":"es","@id":"https:\/\/lingener-baumaschinen.de\/es\/tendido-de-cable-de-fibra-optica-con-arado-instalacion-eficaz-y-cuidadosa\/#primaryimage","url":"https:\/\/lingener-baumaschinen.de\/wp-content\/uploads\/2023\/04\/gartenmeister-130-pflug-7-1.jpg","contentUrl":"https:\/\/lingener-baumaschinen.de\/wp-content\/uploads\/2023\/04\/gartenmeister-130-pflug-7-1.jpg","width":1000,"height":750},{"@type":"BreadcrumbList","@id":"https:\/\/lingener-baumaschinen.de\/es\/tendido-de-cable-de-fibra-optica-con-arado-instalacion-eficaz-y-cuidadosa\/#breadcrumb","itemListElement":[{"@type":"ListItem","position":1,"name":"Startseite","item":"https:\/\/lingener-baumaschinen.de\/es\/"},{"@type":"ListItem","position":2,"name":"Tendido de cable de fibra \u00f3ptica con arado &#8211; Instalaci\u00f3n eficaz y cuidadosa"}]},{"@type":"WebSite","@id":"https:\/\/lingener-baumaschinen.de\/#website","url":"https:\/\/lingener-baumaschinen.de\/","name":"Lingener Baumaschinen","description":"Schneller und effizienter mit Grabenfr\u00e4sen arbeiten","publisher":{"@id":"https:\/\/lingener-baumaschinen.de\/#organization"},"alternateName":"LIBA Grabenfr\u00e4sen","potentialAction":[{"@type":"SearchAction","target":{"@type":"EntryPoint","urlTemplate":"https:\/\/lingener-baumaschinen.de\/?s={search_term_string}"},"query-input":{"@type":"PropertyValueSpecification","valueRequired":true,"valueName":"search_term_string"}}],"inLanguage":"es"},{"@type":"Organization","@id":"https:\/\/lingener-baumaschinen.de\/#organization","name":"Lingener Baumaschinen","alternateName":"Hersteller von Grabenfr\u00e4sen","url":"https:\/\/lingener-baumaschinen.de\/","logo":{"@type":"ImageObject","inLanguage":"es","@id":"https:\/\/lingener-baumaschinen.de\/#\/schema\/logo\/image\/","url":"https:\/\/lingener-baumaschinen.de\/wp-content\/uploads\/2024\/03\/cropped-logo.webp","contentUrl":"https:\/\/lingener-baumaschinen.de\/wp-content\/uploads\/2024\/03\/cropped-logo.webp","width":227,"height":69,"caption":"Lingener Baumaschinen"},"image":{"@id":"https:\/\/lingener-baumaschinen.de\/#\/schema\/logo\/image\/"},"description":"Lingener Baumaschinen ist ein Unternehmen mit Sitz in Lingen (Ems), Deutschland sowie H\u00e4ndlern in praktisch allen Teilen der Welt, das auf die Herstellung, den Verkauf, die Vermietung und den Service von Grabenfr\u00e4sen spezialisiert ist. Das Unternehmen wurde 1969 gegr\u00fcndet und hat seitdem eine breite Palette von Produkten und Dienstleistungen entwickelt, die auf die Bed\u00fcrfnisse von Kunden in verschiedenen Branchen zugeschnitten sind.","email":"info@lingener-baumaschinen.de","telephone":"+49 (0) 591 76 314","legalName":"Lingener Baumaschinen GmbH & Co. KG","foundingDate":"1969-01-01","vatID":"DE 154279934"},{"@type":"Person","@id":"https:\/\/lingener-baumaschinen.de\/#\/schema\/person\/a0ef170b2d1d838196081249c7311c8f","name":"admin","sameAs":["https:\/\/lingener-baumaschinen.de"],"url":"https:\/\/lingener-baumaschinen.de\/es\/author\/info_hiinyb05\/"}]}},"_links":{"self":[{"href":"https:\/\/lingener-baumaschinen.de\/es\/wp-json\/wp\/v2\/posts\/22904","targetHints":{"allow":["GET"]}}],"collection":[{"href":"https:\/\/lingener-baumaschinen.de\/es\/wp-json\/wp\/v2\/posts"}],"about":[{"href":"https:\/\/lingener-baumaschinen.de\/es\/wp-json\/wp\/v2\/types\/post"}],"author":[{"embeddable":true,"href":"https:\/\/lingener-baumaschinen.de\/es\/wp-json\/wp\/v2\/users\/1"}],"replies":[{"embeddable":true,"href":"https:\/\/lingener-baumaschinen.de\/es\/wp-json\/wp\/v2\/comments?post=22904"}],"version-history":[{"count":0,"href":"https:\/\/lingener-baumaschinen.de\/es\/wp-json\/wp\/v2\/posts\/22904\/revisions"}],"wp:featuredmedia":[{"embeddable":true,"href":"https:\/\/lingener-baumaschinen.de\/es\/wp-json\/wp\/v2\/media\/22912"}],"wp:attachment":[{"href":"https:\/\/lingener-baumaschinen.de\/es\/wp-json\/wp\/v2\/media?parent=22904"}],"wp:term":[{"taxonomy":"category","embeddable":true,"href":"https:\/\/lingener-baumaschinen.de\/es\/wp-json\/wp\/v2\/categories?post=22904"},{"taxonomy":"post_tag","embeddable":true,"href":"https:\/\/lingener-baumaschinen.de\/es\/wp-json\/wp\/v2\/tags?post=22904"}],"curies":[{"name":"wp","href":"https:\/\/api.w.org\/{rel}","templated":true}]}}